{"id":7965,"date":"2020-12-15T09:55:55","date_gmt":"2020-12-15T08:55:55","guid":{"rendered":"https:\/\/www.collabim.cz\/akademie\/?p=7965"},"modified":"2020-12-15T15:56:39","modified_gmt":"2020-12-15T14:56:39","slug":"vcerejsi-vypadek-databaze-a-ztrata-nove-pridanych-dat","status":"publish","type":"post","link":"https:\/\/www.collabim.cz\/akademie\/vcerejsi-vypadek-databaze-a-ztrata-nove-pridanych-dat\/","title":{"rendered":"V\u010derej\u0161\u00ed v\u00fdpadek datab\u00e1ze a ztr\u00e1ta nov\u011b p\u0159idan\u00fdch dat"},"content":{"rendered":"<p style=\"text-align: left;\">R\u00e1di bychom informovali o v\u011bt\u0161\u00edm v\u00fdpadku na\u0161\u00ed aplikace, kter\u00fd prob\u011bhl b\u011bhem v\u010derej\u0161\u00edho ve\u010dera a m\u011bl \u010d\u00e1ste\u010dn\u011b devasta\u010dn\u00ed \u00fa\u010dinky na malou \u010d\u00e1st na\u0161\u00ed datab\u00e1ze.<\/p>\n<p>Bohu\u017eel do\u0161lo k hav\u00e1rii prim\u00e1rn\u00ed datab\u00e1ze, kter\u00e1 obsahuje z\u00e1kaznick\u00e1 data. V 17:10 jsme zaznamenali kompletn\u00ed p\u00e1d datab\u00e1ze a v 17:29 jsme obnovili z\u00e1lo\u017en\u00ed obraz datab\u00e1ze z \u010dasn\u00fdch rann\u00edch hodin (p\u016fvodn\u00ed prim\u00e1rn\u00ed datab\u00e1zi se neda\u0159ilo \u017e\u00e1dn\u00fdm zp\u016fsobem o\u017eivit).<\/p>\n<p>Nad\u00e1le (prakticky celou noc) jsme se pokou\u0161eli ztracen\u00e1 data obnovit, bohu\u017eel bez v\u00fdsledku. Proto jsme dnes r\u00e1no v 8:00 p\u0159istoupili k nouzov\u00e9mu \u0159e\u0161en\u00ed a pou\u017eili tuto z\u00e1lohu jako prim\u00e1rn\u00ed datab\u00e1zi.<\/p>\n<p>Data p\u0159idan\u00e1 b\u011bhem dne jsou bohu\u017eel nen\u00e1vratn\u011b ztracena. Nicm\u00e9n\u011b ve\u0161ker\u00e1 m\u011b\u0159en\u00ed je\u0161t\u011b b\u011bhem ve\u010dera a noci zd\u00e1rn\u011b prob\u011bhla a pozice <a href=\"https:\/\/www.collabim.cz\/akademie\/knihovna\/klicova-slova-seo\/\" data-internallinksmanager029f6b8e52c=\"4\" title=\"Kl\u00ed\u010dov\u00e1 slova v SEO - v\u0161e co o nich pot\u0159ebujete v\u011bd\u011bt\">kl\u00ed\u010dov\u00fdch slov<\/a> tak byly z\u00edsk\u00e1ny v po\u0159\u00e1dku i za v\u010derej\u0161\u00ed den<\/p>\n<p>Nekolik \u00fa\u010dt\u016f (m\u00e9n\u011b ne\u017e 2,5% na\u0161ich u\u017eivatel\u016f) bohu\u017eel p\u0159id\u00e1valo b\u011bhem v\u010derej\u0161\u00edho dne nov\u00e1 data (<a href=\"https:\/\/www.collabim.cz\/akademie\/knihovna\/klicova-slova-seo\/\" data-internallinksmanager029f6b8e52c=\"4\" title=\"Kl\u00ed\u010dov\u00e1 slova v SEO - v\u0161e co o nich pot\u0159ebujete v\u011bd\u011bt\">kl\u00ed\u010dov\u00e1 slova<\/a>, odkazy apod.). V tomto p\u0159\u00edpad\u011b bohu\u017eel do\u0161lo k jejich nevratn\u00e9 ztr\u00e1t\u011b a bude t\u0159eba data znovu do sledov\u00e1n\u00ed p\u0159idat. Jsme samoz\u0159ejm\u011b p\u0159ipraveni V\u00e1m v tomto maxim\u00e1ln\u011b pomoci. Po\u0161lete-li n\u00e1m na na\u0161i podporu (info@collabim.com) data, p\u0159id\u00e1me data samoz\u0159ejm\u011b za v\u00e1s.<\/p>\n<p>V p\u0159\u00edpad\u011b, \u017ee n\u011bjak\u00fd \u00fa\u010det data promaz\u00e1val, bude t\u0159eba akor\u00e1t promazat znovu. Tato data se pr\u00e1v\u011b vlivem obnovy z\u00e1lohy nesmazala.<\/p>\n<p>Za komplikace se velice omlouv\u00e1me a okam\u017eit\u011b p\u0159ij\u00edm\u00e1me dal\u0161\u00ed opat\u0159en\u00ed, abychom v budoucnu t\u00e9to situaci pokud mo\u017eno \u00fapln\u011b zamezili.<\/p>\n<p style=\"text-align: right;\"><em>Josef Bo\u0161ka &amp; Dalibor Jaro\u0161<\/em><br \/>\n<em>Vedouc\u00ed v\u00fdvoje a provozu &amp; CEO Collabimu<\/em><\/p>\n","protected":false},"excerpt":{"rendered":"<p>R\u00e1di bychom informovali o v\u011bt\u0161\u00edm v\u00fdpadku na\u0161\u00ed aplikace, kter\u00fd prob\u011bhl b\u011bhem v\u010derej\u0161\u00edho ve\u010dera a m\u011bl \u010d\u00e1ste\u010dn\u011b devasta\u010dn\u00ed \u00fa\u010dinky na malou \u010d\u00e1st na\u0161\u00ed datab\u00e1ze. Bohu\u017eel do\u0161lo k hav\u00e1rii prim\u00e1rn\u00ed datab\u00e1ze, kter\u00e1 obsahuje z\u00e1kaznick\u00e1 data. V 17:10 jsme zaznamenali kompletn\u00ed p\u00e1d datab\u00e1ze a v 17:29 jsme obnovili z\u00e1lo\u017en\u00ed obraz datab\u00e1ze z \u010dasn\u00fdch rann\u00edch hodin (p\u016fvodn\u00ed prim\u00e1rn\u00ed datab\u00e1zi&#8230; <a class=\"understrap-read-more-link\" href=\"https:\/\/www.collabim.cz\/akademie\/vcerejsi-vypadek-databaze-a-ztrata-nove-pridanych-dat\/\">Detail&nbsp;\u010dl\u00e1nku&nbsp;&#187;<\/a><\/p>\n","protected":false},"author":6,"featured_media":0,"comment_status":"closed","ping_status":"closed","sticky":false,"template":"","format":"standard","meta":[],"categories":[],"tags":[],"acf":[],"yoast_head":"<!-- This site is optimized with the Yoast SEO plugin v16.5 - https:\/\/yoast.com\/wordpress\/plugins\/seo\/ -->\n<title>V\u010derej\u0161\u00ed v\u00fdpadek datab\u00e1ze a ztr\u00e1ta nov\u011b p\u0159idan\u00fdch dat \u21d2 Collabim.cz \u2714\ufe0f<\/title>\n<meta name=\"description\" content=\"V\u010derej\u0161\u00ed v\u00fdpadek datab\u00e1ze a ztr\u00e1ta nov\u011b p\u0159idan\u00fdch dat \u21d2 v\u0161e co pot\u0159ebujete v\u011bd\u011bt \u2714\ufe0f SEO rady \u2714\ufe0f a SEO tipy. Kompletn\u00ed n\u00e1vody od nejpou\u017e\u00edvan\u011bj\u0161\u00edho SEO n\u00e1stroje v \u010cR.\" \/>\n<meta name=\"robots\" content=\"index, follow, max-snippet:-1, max-image-preview:large, max-video-preview:-1\" \/>\n<link rel=\"canonical\" href=\"https:\/\/www.collabim.cz\/akademie\/vcerejsi-vypadek-databaze-a-ztrata-nove-pridanych-dat\/\" \/>\n<meta property=\"og:locale\" content=\"cs_CZ\" \/>\n<meta property=\"og:type\" content=\"article\" \/>\n<meta property=\"og:title\" content=\"V\u010derej\u0161\u00ed v\u00fdpadek datab\u00e1ze a ztr\u00e1ta nov\u011b p\u0159idan\u00fdch dat \u21d2 Collabim.cz \u2714\ufe0f\" \/>\n<meta property=\"og:description\" content=\"V\u010derej\u0161\u00ed v\u00fdpadek datab\u00e1ze a ztr\u00e1ta nov\u011b p\u0159idan\u00fdch dat \u21d2 v\u0161e co pot\u0159ebujete v\u011bd\u011bt \u2714\ufe0f SEO rady \u2714\ufe0f a SEO tipy. Kompletn\u00ed n\u00e1vody od nejpou\u017e\u00edvan\u011bj\u0161\u00edho SEO n\u00e1stroje v \u010cR.\" \/>\n<meta property=\"og:url\" content=\"https:\/\/www.collabim.cz\/akademie\/vcerejsi-vypadek-databaze-a-ztrata-nove-pridanych-dat\/\" \/>\n<meta property=\"og:site_name\" content=\"SEO Akademie Collabim\" \/>\n<meta property=\"article:published_time\" content=\"2020-12-15T08:55:55+00:00\" \/>\n<meta property=\"article:modified_time\" content=\"2020-12-15T14:56:39+00:00\" \/>\n<meta property=\"og:image\" content=\"https:\/\/www.collabim.cz\/akademie\/wp-content\/uploads\/2018\/10\/social-image.png\" \/>\n\t<meta property=\"og:image:width\" content=\"800\" \/>\n\t<meta property=\"og:image:height\" content=\"450\" \/>\n<meta name=\"twitter:card\" content=\"summary_large_image\" \/>\n<meta name=\"twitter:label1\" content=\"Odhadovan\u00e1 doba \u010dten\u00ed\" \/>\n\t<meta name=\"twitter:data1\" content=\"2 minuty\" \/>\n<script type=\"application\/ld+json\" class=\"yoast-schema-graph\">{\"@context\":\"https:\/\/schema.org\",\"@graph\":[{\"@type\":\"WebSite\",\"@id\":\"https:\/\/www.collabim.cz\/akademie\/#website\",\"url\":\"https:\/\/www.collabim.cz\/akademie\/\",\"name\":\"SEO Akademie Collabim\",\"description\":\"V\\u0161e, co jste cht\\u011bli o SEO v\\u011bd\\u011bt\",\"potentialAction\":[{\"@type\":\"SearchAction\",\"target\":\"https:\/\/www.collabim.cz\/akademie\/?s={search_term_string}\",\"query-input\":\"required name=search_term_string\"}],\"inLanguage\":\"cs\"},{\"@type\":\"WebPage\",\"@id\":\"https:\/\/www.collabim.cz\/akademie\/vcerejsi-vypadek-databaze-a-ztrata-nove-pridanych-dat\/#webpage\",\"url\":\"https:\/\/www.collabim.cz\/akademie\/vcerejsi-vypadek-databaze-a-ztrata-nove-pridanych-dat\/\",\"name\":\"V\\u010derej\\u0161\\u00ed v\\u00fdpadek datab\\u00e1ze a ztr\\u00e1ta nov\\u011b p\\u0159idan\\u00fdch dat \\u21d2 Collabim.cz \\u2714\\ufe0f\",\"isPartOf\":{\"@id\":\"https:\/\/www.collabim.cz\/akademie\/#website\"},\"datePublished\":\"2020-12-15T08:55:55+00:00\",\"dateModified\":\"2020-12-15T14:56:39+00:00\",\"author\":{\"@id\":\"https:\/\/www.collabim.cz\/akademie\/#\/schema\/person\/40e1a802220e7adc328133126f19ba26\"},\"description\":\"V\\u010derej\\u0161\\u00ed v\\u00fdpadek datab\\u00e1ze a ztr\\u00e1ta nov\\u011b p\\u0159idan\\u00fdch dat \\u21d2 v\\u0161e co pot\\u0159ebujete v\\u011bd\\u011bt \\u2714\\ufe0f SEO rady \\u2714\\ufe0f a SEO tipy. Kompletn\\u00ed n\\u00e1vody od nejpou\\u017e\\u00edvan\\u011bj\\u0161\\u00edho SEO n\\u00e1stroje v \\u010cR.\",\"breadcrumb\":{\"@id\":\"https:\/\/www.collabim.cz\/akademie\/vcerejsi-vypadek-databaze-a-ztrata-nove-pridanych-dat\/#breadcrumb\"},\"inLanguage\":\"cs\",\"potentialAction\":[{\"@type\":\"ReadAction\",\"target\":[\"https:\/\/www.collabim.cz\/akademie\/vcerejsi-vypadek-databaze-a-ztrata-nove-pridanych-dat\/\"]}]},{\"@type\":\"BreadcrumbList\",\"@id\":\"https:\/\/www.collabim.cz\/akademie\/vcerejsi-vypadek-databaze-a-ztrata-nove-pridanych-dat\/#breadcrumb\",\"itemListElement\":[{\"@type\":\"ListItem\",\"position\":1,\"name\":\"\\u00davod\",\"item\":\"https:\/\/www.collabim.cz\/akademie\/\"},{\"@type\":\"ListItem\",\"position\":2,\"name\":\"V\\u010derej\\u0161\\u00ed v\\u00fdpadek datab\\u00e1ze a ztr\\u00e1ta nov\\u011b p\\u0159idan\\u00fdch dat\"}]},{\"@type\":\"Person\",\"@id\":\"https:\/\/www.collabim.cz\/akademie\/#\/schema\/person\/40e1a802220e7adc328133126f19ba26\",\"name\":\"Admin\",\"image\":{\"@type\":\"ImageObject\",\"@id\":\"https:\/\/www.collabim.cz\/akademie\/#personlogo\",\"inLanguage\":\"cs\",\"url\":\"https:\/\/secure.gravatar.com\/avatar\/0e6fe023eeb5f24b2f695d9afebbc2fa?s=96&d=mm&r=g\",\"contentUrl\":\"https:\/\/secure.gravatar.com\/avatar\/0e6fe023eeb5f24b2f695d9afebbc2fa?s=96&d=mm&r=g\",\"caption\":\"Admin\"},\"url\":\"https:\/\/www.collabim.cz\/akademie\/author\/daliborjaros\/\"}]}<\/script>\n<!-- \/ Yoast SEO plugin. -->","_links":{"self":[{"href":"https:\/\/www.collabim.cz\/akademie\/wp-json\/wp\/v2\/posts\/7965"}],"collection":[{"href":"https:\/\/www.collabim.cz\/akademie\/wp-json\/wp\/v2\/posts"}],"about":[{"href":"https:\/\/www.collabim.cz\/akademie\/wp-json\/wp\/v2\/types\/post"}],"author":[{"embeddable":true,"href":"https:\/\/www.collabim.cz\/akademie\/wp-json\/wp\/v2\/users\/6"}],"replies":[{"embeddable":true,"href":"https:\/\/www.collabim.cz\/akademie\/wp-json\/wp\/v2\/comments?post=7965"}],"version-history":[{"count":0,"href":"https:\/\/www.collabim.cz\/akademie\/wp-json\/wp\/v2\/posts\/7965\/revisions"}],"wp:attachment":[{"href":"https:\/\/www.collabim.cz\/akademie\/wp-json\/wp\/v2\/media?parent=7965"}],"wp:term":[{"taxonomy":"category","embeddable":true,"href":"https:\/\/www.collabim.cz\/akademie\/wp-json\/wp\/v2\/categories?post=7965"},{"taxonomy":"post_tag","embeddable":true,"href":"https:\/\/www.collabim.cz\/akademie\/wp-json\/wp\/v2\/tags?post=7965"}],"curies":[{"name":"wp","href":"https:\/\/api.w.org\/{rel}","templated":true}]}}