{"id":5156,"date":"2019-01-31T08:22:36","date_gmt":"2019-01-31T07:22:36","guid":{"rendered":"https:\/\/www.collabim.cz\/akademie\/?p=5156"},"modified":"2019-07-12T11:49:48","modified_gmt":"2019-07-12T09:49:48","slug":"podekovani-za-webinar-necekali-jsme-to","status":"publish","type":"post","link":"https:\/\/www.collabim.cz\/akademie\/podekovani-za-webinar-necekali-jsme-to\/","title":{"rendered":"Pod\u011bkov\u00e1n\u00ed za webin\u00e1\u0159 &#8211; ne\u010dekali jsme to!"},"content":{"rendered":"<p class=\"p_edit dir_LTR\">Dobr\u00fd den,<\/p>\n<p class=\"p_edit dir_LTR\">r\u00e1di bychom v\u00e1m v\u0161em, kte\u0159\u00ed si v\u010dera na\u0161li \u010das a v pracovn\u00ed den sledovali n\u00e1s p\u0159\u00edm\u00fd p\u0159enos o Collabimu, velmi a velmi pod\u011bkovali.<\/p>\n<p class=\"p_edit dir_LTR\">Kone\u010dn\u00e1 \u0161pi\u010dka 276 \u00fa\u010dastn\u00edk\u016f p\u0159ed\u010dila v\u00edce ne\u017e dvakr\u00e1t na\u0161e nejsm\u011blej\u0161\u00ed o\u010dek\u00e1v\u00e1n\u00ed.<\/p>\n<p class=\"p_edit dir_LTR\">O to v\u00edce n\u00e1s mrz\u00ed, \u017ee technick\u00e9 nedokonalosti tro\u0161i\u010dku zkazili vys\u00edl\u00e1n\u00ed, zejm\u00e9na v prvn\u00ed \u010d\u00e1sti rozhovoru a pak tak\u00e9 n\u00e1m bohu\u017eel webin\u00e1\u0159ov\u00fd software neposkytl ve\u0161ker\u00e9 ot\u00e1zky, kter\u00e9 jste na n\u00e1s v pr\u016fb\u011bhu vys\u00edl\u00e1n\u00ed m\u011bli (exportovala se n\u00e1m pouze prn\u00ed minuta vys\u00edl\u00e1n\u00ed).<\/p>\n<p class=\"p_edit dir_LTR\">Vid\u011bli jsme, \u017ee jich bylo mnoho a je n\u00e1m velmi l\u00edto, \u017ee neum\u00edme v\u0161echny zodpov\u011bd\u011bt, proto\u017ee je bohu\u017eel nem\u00e1me k dispozici<\/p>\n<p class=\"p_edit dir_LTR\">Pokud byste byli tak hodn\u00ed, napi\u0161te n\u00e1m je pros\u00edm do koment\u00e1\u0159e n\u00ed\u017ee pod t\u00edmto \u010dl\u00e1nkem, velmi r\u00e1di zodpov\u00edme jak\u00e9koliv ot\u00e1zky, a\u0165 ji\u017e pozitivn\u00ed \u010di negativn\u00ed.<\/p>\n<p class=\"p_edit dir_LTR\">Jenom zp\u011btn\u00e1 vazba (zejm\u00e9na ta negativn\u00ed) n\u00e1m toti\u017e umo\u017e\u0148uje se posunout d\u00e1l a vylep\u0161it pro v\u00e1s dal\u0161\u00ed d\u00edly na\u0161ich webin\u00e1\u0159\u016f.<\/p>\n<p>D\u00edky!<\/p>\n<p>Mat\u011bj z TASTE Medio a Dalibor z COLLABIMu.<\/p>\n<p>&nbsp;<\/p>\n<p>p.s.: z\u00e1znam najdete na str\u00e1nce webin\u00e1\u0159\u016f <a href=\"http:\/\/collabim.cz\/taste-collabim\" target=\"_blank\" rel=\"noopener\">collabim.cz\/taste-collabim<\/a><\/p>\n","protected":false},"excerpt":{"rendered":"<p>Dobr\u00fd den, r\u00e1di bychom v\u00e1m v\u0161em, kte\u0159\u00ed si v\u010dera na\u0161li \u010das a v pracovn\u00ed den sledovali n\u00e1s p\u0159\u00edm\u00fd p\u0159enos o Collabimu, velmi a velmi pod\u011bkovali. Kone\u010dn\u00e1 \u0161pi\u010dka 276 \u00fa\u010dastn\u00edk\u016f p\u0159ed\u010dila v\u00edce ne\u017e dvakr\u00e1t na\u0161e nejsm\u011blej\u0161\u00ed o\u010dek\u00e1v\u00e1n\u00ed. O to v\u00edce n\u00e1s mrz\u00ed, \u017ee technick\u00e9 nedokonalosti tro\u0161i\u010dku zkazili vys\u00edl\u00e1n\u00ed, zejm\u00e9na v prvn\u00ed \u010d\u00e1sti rozhovoru a pak tak\u00e9&#8230; <a class=\"understrap-read-more-link\" href=\"https:\/\/www.collabim.cz\/akademie\/podekovani-za-webinar-necekali-jsme-to\/\">Detail&nbsp;\u010dl\u00e1nku&nbsp;&#187;<\/a><\/p>\n","protected":false},"author":6,"featured_media":0,"comment_status":"closed","ping_status":"closed","sticky":false,"template":"","format":"standard","meta":[],"categories":[],"tags":[],"acf":[],"yoast_head":"<!-- This site is optimized with the Yoast SEO plugin v16.5 - https:\/\/yoast.com\/wordpress\/plugins\/seo\/ -->\n<title>Pod\u011bkov\u00e1n\u00ed za webin\u00e1\u0159 - ne\u010dekali jsme to! \u21d2 Collabim.cz \u2714\ufe0f<\/title>\n<meta name=\"description\" content=\"Pod\u011bkov\u00e1n\u00ed za webin\u00e1\u0159 - ne\u010dekali jsme to! \u21d2 v\u0161e co pot\u0159ebujete v\u011bd\u011bt \u2714\ufe0f SEO rady \u2714\ufe0f a SEO tipy. Kompletn\u00ed n\u00e1vody od nejpou\u017e\u00edvan\u011bj\u0161\u00edho SEO n\u00e1stroje v \u010cR.\" \/>\n<meta name=\"robots\" content=\"index, follow, max-snippet:-1, max-image-preview:large, max-video-preview:-1\" \/>\n<link rel=\"canonical\" href=\"https:\/\/www.collabim.cz\/akademie\/podekovani-za-webinar-necekali-jsme-to\/\" \/>\n<meta property=\"og:locale\" content=\"cs_CZ\" \/>\n<meta property=\"og:type\" content=\"article\" \/>\n<meta property=\"og:title\" content=\"Pod\u011bkov\u00e1n\u00ed za webin\u00e1\u0159 - ne\u010dekali jsme to! \u21d2 Collabim.cz \u2714\ufe0f\" \/>\n<meta property=\"og:description\" content=\"Pod\u011bkov\u00e1n\u00ed za webin\u00e1\u0159 - ne\u010dekali jsme to! \u21d2 v\u0161e co pot\u0159ebujete v\u011bd\u011bt \u2714\ufe0f SEO rady \u2714\ufe0f a SEO tipy. Kompletn\u00ed n\u00e1vody od nejpou\u017e\u00edvan\u011bj\u0161\u00edho SEO n\u00e1stroje v \u010cR.\" \/>\n<meta property=\"og:url\" content=\"https:\/\/www.collabim.cz\/akademie\/podekovani-za-webinar-necekali-jsme-to\/\" \/>\n<meta property=\"og:site_name\" content=\"SEO Akademie Collabim\" \/>\n<meta property=\"article:published_time\" content=\"2019-01-31T07:22:36+00:00\" \/>\n<meta property=\"article:modified_time\" content=\"2019-07-12T09:49:48+00:00\" \/>\n<meta property=\"og:image\" content=\"https:\/\/www.collabim.cz\/akademie\/wp-content\/uploads\/2018\/10\/social-image.png\" \/>\n\t<meta property=\"og:image:width\" content=\"800\" \/>\n\t<meta property=\"og:image:height\" content=\"450\" \/>\n<meta name=\"twitter:card\" content=\"summary_large_image\" \/>\n<meta name=\"twitter:label1\" content=\"Odhadovan\u00e1 doba \u010dten\u00ed\" \/>\n\t<meta name=\"twitter:data1\" content=\"1 minuta\" \/>\n<script type=\"application\/ld+json\" class=\"yoast-schema-graph\">{\"@context\":\"https:\/\/schema.org\",\"@graph\":[{\"@type\":\"WebSite\",\"@id\":\"https:\/\/www.collabim.cz\/akademie\/#website\",\"url\":\"https:\/\/www.collabim.cz\/akademie\/\",\"name\":\"SEO Akademie Collabim\",\"description\":\"V\\u0161e, co jste cht\\u011bli o SEO v\\u011bd\\u011bt\",\"potentialAction\":[{\"@type\":\"SearchAction\",\"target\":\"https:\/\/www.collabim.cz\/akademie\/?s={search_term_string}\",\"query-input\":\"required name=search_term_string\"}],\"inLanguage\":\"cs\"},{\"@type\":\"WebPage\",\"@id\":\"https:\/\/www.collabim.cz\/akademie\/podekovani-za-webinar-necekali-jsme-to\/#webpage\",\"url\":\"https:\/\/www.collabim.cz\/akademie\/podekovani-za-webinar-necekali-jsme-to\/\",\"name\":\"Pod\\u011bkov\\u00e1n\\u00ed za webin\\u00e1\\u0159 - ne\\u010dekali jsme to! \\u21d2 Collabim.cz \\u2714\\ufe0f\",\"isPartOf\":{\"@id\":\"https:\/\/www.collabim.cz\/akademie\/#website\"},\"datePublished\":\"2019-01-31T07:22:36+00:00\",\"dateModified\":\"2019-07-12T09:49:48+00:00\",\"author\":{\"@id\":\"https:\/\/www.collabim.cz\/akademie\/#\/schema\/person\/40e1a802220e7adc328133126f19ba26\"},\"description\":\"Pod\\u011bkov\\u00e1n\\u00ed za webin\\u00e1\\u0159 - ne\\u010dekali jsme to! \\u21d2 v\\u0161e co pot\\u0159ebujete v\\u011bd\\u011bt \\u2714\\ufe0f SEO rady \\u2714\\ufe0f a SEO tipy. Kompletn\\u00ed n\\u00e1vody od nejpou\\u017e\\u00edvan\\u011bj\\u0161\\u00edho SEO n\\u00e1stroje v \\u010cR.\",\"breadcrumb\":{\"@id\":\"https:\/\/www.collabim.cz\/akademie\/podekovani-za-webinar-necekali-jsme-to\/#breadcrumb\"},\"inLanguage\":\"cs\",\"potentialAction\":[{\"@type\":\"ReadAction\",\"target\":[\"https:\/\/www.collabim.cz\/akademie\/podekovani-za-webinar-necekali-jsme-to\/\"]}]},{\"@type\":\"BreadcrumbList\",\"@id\":\"https:\/\/www.collabim.cz\/akademie\/podekovani-za-webinar-necekali-jsme-to\/#breadcrumb\",\"itemListElement\":[{\"@type\":\"ListItem\",\"position\":1,\"name\":\"\\u00davod\",\"item\":\"https:\/\/www.collabim.cz\/akademie\/\"},{\"@type\":\"ListItem\",\"position\":2,\"name\":\"Pod\\u011bkov\\u00e1n\\u00ed za webin\\u00e1\\u0159 &#8211; ne\\u010dekali jsme to!\"}]},{\"@type\":\"Person\",\"@id\":\"https:\/\/www.collabim.cz\/akademie\/#\/schema\/person\/40e1a802220e7adc328133126f19ba26\",\"name\":\"Admin\",\"image\":{\"@type\":\"ImageObject\",\"@id\":\"https:\/\/www.collabim.cz\/akademie\/#personlogo\",\"inLanguage\":\"cs\",\"url\":\"https:\/\/secure.gravatar.com\/avatar\/0e6fe023eeb5f24b2f695d9afebbc2fa?s=96&d=mm&r=g\",\"contentUrl\":\"https:\/\/secure.gravatar.com\/avatar\/0e6fe023eeb5f24b2f695d9afebbc2fa?s=96&d=mm&r=g\",\"caption\":\"Admin\"},\"url\":\"https:\/\/www.collabim.cz\/akademie\/author\/daliborjaros\/\"}]}<\/script>\n<!-- \/ Yoast SEO plugin. -->","_links":{"self":[{"href":"https:\/\/www.collabim.cz\/akademie\/wp-json\/wp\/v2\/posts\/5156"}],"collection":[{"href":"https:\/\/www.collabim.cz\/akademie\/wp-json\/wp\/v2\/posts"}],"about":[{"href":"https:\/\/www.collabim.cz\/akademie\/wp-json\/wp\/v2\/types\/post"}],"author":[{"embeddable":true,"href":"https:\/\/www.collabim.cz\/akademie\/wp-json\/wp\/v2\/users\/6"}],"replies":[{"embeddable":true,"href":"https:\/\/www.collabim.cz\/akademie\/wp-json\/wp\/v2\/comments?post=5156"}],"version-history":[{"count":0,"href":"https:\/\/www.collabim.cz\/akademie\/wp-json\/wp\/v2\/posts\/5156\/revisions"}],"wp:attachment":[{"href":"https:\/\/www.collabim.cz\/akademie\/wp-json\/wp\/v2\/media?parent=5156"}],"wp:term":[{"taxonomy":"category","embeddable":true,"href":"https:\/\/www.collabim.cz\/akademie\/wp-json\/wp\/v2\/categories?post=5156"},{"taxonomy":"post_tag","embeddable":true,"href":"https:\/\/www.collabim.cz\/akademie\/wp-json\/wp\/v2\/tags?post=5156"}],"curies":[{"name":"wp","href":"https:\/\/api.w.org\/{rel}","templated":true}]}}