{"id":1463,"date":"2015-05-21T07:23:03","date_gmt":"2015-05-21T06:23:03","guid":{"rendered":"https:\/\/ja.collabim.com\/?p=1463"},"modified":"2023-11-30T12:51:26","modified_gmt":"2023-11-30T11:51:26","slug":"michaela-vranova-matanelli-lilinka-mi-nechava-cas-na-praci-od-9-hodin-vecer-az-do-7-hodiny-ranni","status":"publish","type":"post","link":"https:\/\/www.collabim.cz\/akademie\/michaela-vranova-matanelli-lilinka-mi-nechava-cas-na-praci-od-9-hodin-vecer-az-do-7-hodiny-ranni\/","title":{"rendered":"Michaela Vr\u00e1nov\u00e1 Matanelli: Lilinka mi nech\u00e1v\u00e1 \u010das na pr\u00e1ci od 9 hodin ve\u010der a\u017e do 7. hodiny rann\u00ed"},"content":{"rendered":"<p><img decoding=\"async\" loading=\"lazy\" class=\"alignleft wp-image-1464\" src=\"https:\/\/www.collabim.cz\/akademie\/wp-content\/uploads\/michaela-vranova-s-lilkou-580x384.jpg\" alt=\"michaela-vranova-s-lilkou\" width=\"323\" height=\"214\" \/><\/p>\n<p><b>Ahoj M\u00ed\u0161o, pat\u0159\u00ed\u0161 mezi jednu z m\u00e1la \u017een, kter\u00e9 jsou v \u010cech\u00e1ch v oboru SEO vid\u011bt. P\u00ed\u0161e\u0161 <a href=\"http:\/\/www.ladyvirtual.cz\/blog\/\">\u010dl\u00e1nky<\/a> a jsi aktivn\u00ed na <a href=\"https:\/\/twitter.com\/ladyvirtual\/\">Twitteru<\/a>. Pro\u010d si mysl\u00ed\u0161, \u017ee ostatn\u00ed \u017eeny moc aktivn\u00ed nejsou? P\u0159itom jich v \u010cR n\u011bkolik m\u00e1me.<\/b><\/p>\n<p style=\"text-align: justify;\">Ahoj Jirko, zdrav\u00edm T\u011b. Je mi ct\u00ed, \u017ee mohu odpov\u011bd\u011bt na Tv\u00e9 ot\u00e1zky. To v\u00ed\u0161, \u017eensk\u00e9 na rodi\u010dovsk\u00e9 moc takov\u00fdch p\u0159\u00edle\u017eitost\u00ed nemaj\u00ed.<\/p>\n<p style=\"text-align: justify;\">My SEO \u017eeny (zdrav\u00edm Dan\u010du, Katku, Hanku,&#8230;), to Jirko, nem\u00e1me v\u016fbec jednoduch\u00e9. SEO mus\u00ed\u0161 \u017e\u00edt, c\u00edtit ho jako tlukot sv\u00e9ho srdce. N\u011b\u017en\u00e9mu pokolen\u00ed se ob\u010das do cesty p\u0159iplete starost o dom\u00e1cnost, <a href=\"http:\/\/www.lily-anna.cz\/\">kouzeln\u00fd drobe\u010dek<\/a>, nebo prost\u011b n\u011bjak\u00fd ten kon\u00ed\u010dek (\u010di pes).<\/p>\n<p style=\"text-align: justify;\"><b>V jak\u00e9m oboru jsi za\u010dala svoj\u00ed pracovn\u00ed kari\u00e9ru?<\/b><\/p>\n<p style=\"text-align: justify;\">Psal se rok 2002. Na smlouv\u011b bylo naps\u00e1no Administr\u00e1tor <a href=\"https:\/\/www.collabim.cz\/akademie\/knihovna\/co-je-to-web-webova-stranka-a-jaky-je-mezi-nimi-rozdil\/\" data-internallinksmanager029f6b8e52c=\"78\" title=\"Co je to web, webov\u00e1 str\u00e1nka a jak\u00fd je mezi nimi rozd\u00edl\">webu<\/a> Pr\u016fvodce po \u010cesku. Dmula jsem se p\u00fdchou a po n\u011bkolika t\u00fddnech \u0161\u00edlela. Sed\u011bla jsem 10 hodin v lounsk\u00e9 kancel\u00e1\u0159i, venku bylo kr\u00e1sn\u011b a m\u011b mizern\u011b. Valily se na m\u011b k\u00f3dy v PHP z tlust\u00fdch bichl\u00ed. Jindy jsem telefonovala do mati\u010dky Prahy a vyzv\u00eddala, za kolik se v tom Pr\u00e1glu to\u010d\u00ed pivo. Nebo v Photoshopu <a href=\"http:\/\/www.pruvodce.com\/informace\/index.php3\">kreslila tuhle mapku<\/a>. Ob\u010das jsem trp\u011bla, \u0161\u00e9f mi za ka\u017edou hrubku v textu strhl p\u00e1r ka\u010dek. Pozd\u011bji jsem na tuhle pr\u00e1ci vzpom\u00ednala r\u00e1da. Na\u0161la jsem tam velk\u00e9ho kamar\u00e1da, pana Po\u010d\u00edta\u010de.<\/p>\n<p style=\"text-align: justify;\"><b>Mapka je moc hezk\u00e1 a i na dne\u0161n\u00ed dobu je\u0161t\u011b modern\u00ed. Pro\u010d jsi nakonec nez\u016fstala u Photoshopu a zakotvila u SEO?<\/b><\/p>\n<p style=\"text-align: justify;\">Byla to amat\u00e9r\u0161tina, ale s l\u00e1skou d\u011blan\u00e1. Na venkov mo\u017en\u00e1 dobr\u00fd. Pak jsem p\u0159ijela s bat\u016f\u017ekem do Prahy a n\u011bjak tu o m\u016fj grafick\u00fd um nest\u00e1li. Napsala jsem do spousty webov\u00fdch a marketingov\u00fdch firem. P\u0159iznala jsem, \u017ee se kamar\u00e1d\u00edm s Po\u010d\u00edta\u010dem. A tak jsem ve\u0161la do dve\u0159\u00ed SEO odd\u011blen\u00ed agentury Ataxo.<\/p>\n<p style=\"text-align: justify;\"><b>Kdy poprv\u00e9 jsi pojem SEO zaslechla? <\/b><\/p>\n<p style=\"text-align: justify;\">Bylo to 27.2. 2008 ve 20:44:42. Nebo t\u00fdden p\u0159ed. <a href=\"https:\/\/twitter.com\/roykinen\">M\u00edra Rojek<\/a> a <a href=\"https:\/\/twitter.com\/mrtafka\">Martin Hoffmann<\/a> (Mr\u0165afka) byli m\u00ed SEO u\u010ditel\u00e9. Bylo to fajn.<\/p>\n<p style=\"text-align: justify;\"><b>M\u00e1\u0161 doma hol\u010di\u010dku Lilinku, kter\u00e1 p\u0159ed p\u00e1r dny oslavila rok. Nech\u00e1v\u00e1 T\u011b v klidu pracovat?<\/b><\/p>\n<p style=\"text-align: justify;\">Ano, nech\u00e1v\u00e1. Nech\u00e1v\u00e1 mi \u010das na pr\u00e1ci od 9 hodin ve\u010der a\u017e do 7. hodiny rann\u00ed. Jsem ji za to velmi vd\u011b\u010dn\u00e1, ale tolik \u010dasu na pr\u00e1ci nevyu\u017eiji, o p\u016flnoci se v\u011bt\u0161inou ukl\u00e1d\u00e1m ke sp\u00e1nku.<\/p>\n<p style=\"text-align: justify;\">M\u00e1m \u0161t\u011bst\u00ed na man\u017eela Adama, kter\u00fd v na\u0161em pracovn\u00edm t\u00fdmu <a href=\"http:\/\/www.ladyvirtual.cz\/\">Ladyvirtual.cz<\/a> d\u011bl\u00e1 ux\u00e1ka a kop\u00edka.<\/p>\n<p style=\"text-align: justify;\">Um\u00ed navrhnout funk\u010dn\u00ed <a href=\"https:\/\/www.collabim.cz\/akademie\/knihovna\/co-je-to-web-webova-stranka-a-jaky-je-mezi-nimi-rozdil\/\" data-internallinksmanager029f6b8e52c=\"78\" title=\"Co je to web, webov\u00e1 str\u00e1nka a jak\u00fd je mezi nimi rozd\u00edl\">web<\/a>, ale tak\u00e9 p\u0159ebalit, uspat nebo nakrmit na\u0161e miminko. No, u\u017e vlastn\u011b ro\u010dn\u00edho \u010f\u00e1bl\u00edka.<\/p>\n<p style=\"text-align: justify;\"><b>Pro\u010d a kdy jsi poprv\u00e9 vyzkou\u0161ela Collabim?<\/b><\/p>\n<p style=\"text-align: justify;\">V Ataxo jsem vedla t\u00fdm linkbuilder\u016f. Mysl\u00edm, \u017ee jich v jednu chv\u00edli bylo kolem 15ti. V\u0161echny z\u00edskan\u00e9 odkazy jsme evidovali v tabulk\u00e1ch. Stejn\u011b tak seznam katalog\u016f, pr web\u016f. J\u00f3\u00f3, to byly \u010dasy. \u010clov\u011bk snad ned\u011blal nic jin\u00e9ho, ne\u017e se brodil seznamy fuj odkaz\u016f. Na\u0161t\u011bst\u00ed jsou tyhle doby pry\u010d. N\u00e1stup Collabimu znamenal revoluci v SEO a linkbuildingov\u00e9m oboru.<\/p>\n<p style=\"text-align: justify;\">Kdy to bylo u\u017e si bohu\u017eel nevzpomenu. Rok 2010?<\/p>\n<p style=\"text-align: justify;\"><b>Co v Collabimu nejv\u00edce pou\u017e\u00edv\u00e1\u0161?<\/b><\/p>\n<p style=\"text-align: justify;\">Evidenci odkaz\u016f pro jednotliv\u00e9 projekty. Sna\u017e\u00edm se udr\u017eovat adres\u00e1\u0159 web\u016f aktu\u00e1ln\u00ed. Collabim pou\u017e\u00edv\u00e1m pro mal\u00e9 a rychl\u00e9 kl\u00ed\u010dovky a sleduji v\u00fdvoj vybran\u00fdch fr\u00e1z\u00ed. Ob\u010das se pod\u00edv\u00e1m na statistiky obsahu str\u00e1nek. P\u0159ich\u00e1z\u00edte st\u00e1le s n\u011bjak\u00fdmi novinkami a to i d\u00edky lidem, jako je Linki. To je moc fajn.<\/p>\n<p style=\"text-align: justify;\"><b>Jsme r\u00e1di, \u017ee jsi se nau\u010dila pou\u017e\u00edvat nov\u00e9 funkce, kter\u00e9 jsou v Collabimu teprve p\u00e1r m\u011bs\u00edc\u016f. Co \u0159\u00edk\u00e1\u0161 t\u0159eba je\u0161t\u011b na exporty?<\/b><\/p>\n<p style=\"text-align: justify;\">No vid\u00ed\u0161, mo\u017enost <a href=\"https:\/\/www.collabim.cz\/akademie\/export-vysledku-hledani\/\">exportov\u00e1n\u00ed v\u00fdsledk\u016f hled\u00e1n\u00ed<\/a> je stra\u0161n\u011b fajn. D\u00edky Google Refine a kontingen\u010dn\u00edm tabulk\u00e1m se z t\u011bchto export\u016f daj\u00ed zjistit zaj\u00edmav\u00e9 informace, kter\u00e9 pom\u00e1haj\u00ed zjistit konkurenci, vylep\u0161ovat konkr\u00e9tn\u00ed str\u00e1nky webu nebo d\u00edky nim zjist\u00edm, odkud je mo\u017en\u00e9 z\u00edskat odkaz.<\/p>\n<p style=\"text-align: justify;\">Obecn\u011b <a href=\"https:\/\/www.collabim.cz\/akademie\/s\/export\/\">exporty z Collabimu<\/a> usnad\u0148uj\u00ed a urychluj\u00ed pr\u00e1ci. D\u00edky exportu z p\u0159ehledu str\u00e1nky z\u00edsk\u00e1m rychle a p\u0159ehledn\u011b informace o pozic\u00edch zadan\u00fdch fr\u00e1z\u00ed s p\u0159i\u0159azenou URL adresou, titulkem, nadpisem, meta popiskem. <a href=\"https:\/\/www.collabim.cz\/akademie\/knihovna\/klicova-slova-seo\/\" data-internallinksmanager029f6b8e52c=\"4\" title=\"Kl\u00ed\u010dov\u00e1 slova v SEO - v\u0161e co o nich pot\u0159ebujete v\u011bd\u011bt\">Kl\u00ed\u010dov\u00e1 slova<\/a>, <a href=\"https:\/\/www.collabim.cz\/akademie\/site-finder-se-predstavuje\/\">Site Finder<\/a>, reporty,&#8230; Collabim je prost\u011b komplexn\u00ed n\u00e1stroj.<\/p>\n<p style=\"text-align: justify;\"><b>Je n\u011bco co Ti v Collabimu chyb\u00ed?<\/b><\/p>\n<p style=\"text-align: justify;\">Jirko, nebude moc hloup\u00e9, kdy\u017e nap\u00ed\u0161u, \u017ee nic?<\/p>\n<p style=\"text-align: justify;\"><b>M\u00ed\u0161o, moc Ti d\u011bkuji za rozhovor. A\u0165 Ti Lilinka d\u011bl\u00e1 jen radost a po pracovn\u00ed str\u00e1nce p\u0159eji hodn\u011b \u00fasp\u011bch\u016f.<\/b><\/p>\n<p style=\"text-align: justify;\">Jirko, d\u00edky za rozhovor a a\u0165 se Collabimu i Tob\u011b da\u0159\u00ed \ud83d\ude09<\/p>\n","protected":false},"excerpt":{"rendered":"<p>Ahoj M\u00ed\u0161o, pat\u0159\u00ed\u0161 mezi jednu z m\u00e1la \u017een, kter\u00e9 jsou v \u010cech\u00e1ch v oboru SEO vid\u011bt. P\u00ed\u0161e\u0161 \u010dl\u00e1nky a jsi aktivn\u00ed na Twitteru. Pro\u010d si mysl\u00ed\u0161, \u017ee ostatn\u00ed \u017eeny moc aktivn\u00ed nejsou? P\u0159itom jich v \u010cR n\u011bkolik m\u00e1me. Ahoj Jirko, zdrav\u00edm T\u011b. Je mi ct\u00ed, \u017ee mohu odpov\u011bd\u011bt na Tv\u00e9 ot\u00e1zky. To v\u00ed\u0161, \u017eensk\u00e9 na&#8230; <a class=\"understrap-read-more-link\" href=\"https:\/\/www.collabim.cz\/akademie\/michaela-vranova-matanelli-lilinka-mi-nechava-cas-na-praci-od-9-hodin-vecer-az-do-7-hodiny-ranni\/\">Detail&nbsp;\u010dl\u00e1nku&nbsp;&#187;<\/a><\/p>\n","protected":false},"author":7,"featured_media":0,"comment_status":"closed","ping_status":"closed","sticky":false,"template":"","format":"standard","meta":[],"categories":[162],"tags":[250],"acf":[],"yoast_head":"<!-- This site is optimized with the Yoast SEO plugin v16.5 - https:\/\/yoast.com\/wordpress\/plugins\/seo\/ -->\n<title>Michaela Vr\u00e1nov\u00e1 Matanelli: Lilinka mi nech\u00e1v\u00e1 \u010das na pr\u00e1ci od 9 hodin ve\u010der a\u017e do 7. hodiny rann\u00ed \u21d2 Collabim.cz \u2714\ufe0f<\/title>\n<meta name=\"description\" content=\"Michaela Vr\u00e1nov\u00e1 Matanelli: Lilinka mi nech\u00e1v\u00e1 \u010das na pr\u00e1ci od 9 hodin ve\u010der a\u017e do 7. hodiny rann\u00ed \u21d2 v\u0161e co pot\u0159ebujete v\u011bd\u011bt \u2714\ufe0f SEO rady \u2714\ufe0f a SEO tipy. Kompletn\u00ed n\u00e1vody od nejpou\u017e\u00edvan\u011bj\u0161\u00edho SEO n\u00e1stroje v \u010cR.\" \/>\n<meta name=\"robots\" content=\"index, follow, max-snippet:-1, max-image-preview:large, max-video-preview:-1\" \/>\n<link rel=\"canonical\" href=\"https:\/\/www.collabim.cz\/akademie\/michaela-vranova-matanelli-lilinka-mi-nechava-cas-na-praci-od-9-hodin-vecer-az-do-7-hodiny-ranni\/\" \/>\n<meta property=\"og:locale\" content=\"cs_CZ\" \/>\n<meta property=\"og:type\" content=\"article\" \/>\n<meta property=\"og:title\" content=\"Michaela Vr\u00e1nov\u00e1 Matanelli: Lilinka mi nech\u00e1v\u00e1 \u010das na pr\u00e1ci od 9 hodin ve\u010der a\u017e do 7. hodiny rann\u00ed \u21d2 Collabim.cz \u2714\ufe0f\" \/>\n<meta property=\"og:description\" content=\"Michaela Vr\u00e1nov\u00e1 Matanelli: Lilinka mi nech\u00e1v\u00e1 \u010das na pr\u00e1ci od 9 hodin ve\u010der a\u017e do 7. hodiny rann\u00ed \u21d2 v\u0161e co pot\u0159ebujete v\u011bd\u011bt \u2714\ufe0f SEO rady \u2714\ufe0f a SEO tipy. Kompletn\u00ed n\u00e1vody od nejpou\u017e\u00edvan\u011bj\u0161\u00edho SEO n\u00e1stroje v \u010cR.\" \/>\n<meta property=\"og:url\" content=\"https:\/\/www.collabim.cz\/akademie\/michaela-vranova-matanelli-lilinka-mi-nechava-cas-na-praci-od-9-hodin-vecer-az-do-7-hodiny-ranni\/\" \/>\n<meta property=\"og:site_name\" content=\"SEO Akademie Collabim\" \/>\n<meta property=\"article:published_time\" content=\"2015-05-21T06:23:03+00:00\" \/>\n<meta property=\"article:modified_time\" content=\"2023-11-30T11:51:26+00:00\" \/>\n<meta property=\"og:image\" content=\"https:\/\/www.collabim.cz\/akademie\/wp-content\/uploads\/michaela-vranova-s-lilkou-580x384.jpg\" \/>\n<meta name=\"twitter:card\" content=\"summary_large_image\" \/>\n<meta name=\"twitter:label1\" content=\"Odhadovan\u00e1 doba \u010dten\u00ed\" \/>\n\t<meta name=\"twitter:data1\" content=\"4 minuty\" \/>\n<script type=\"application\/ld+json\" class=\"yoast-schema-graph\">{\"@context\":\"https:\/\/schema.org\",\"@graph\":[{\"@type\":\"WebSite\",\"@id\":\"https:\/\/www.collabim.cz\/akademie\/#website\",\"url\":\"https:\/\/www.collabim.cz\/akademie\/\",\"name\":\"SEO Akademie Collabim\",\"description\":\"V\\u0161e, co jste cht\\u011bli o SEO v\\u011bd\\u011bt\",\"potentialAction\":[{\"@type\":\"SearchAction\",\"target\":\"https:\/\/www.collabim.cz\/akademie\/?s={search_term_string}\",\"query-input\":\"required name=search_term_string\"}],\"inLanguage\":\"cs\"},{\"@type\":\"ImageObject\",\"@id\":\"https:\/\/www.collabim.cz\/akademie\/michaela-vranova-matanelli-lilinka-mi-nechava-cas-na-praci-od-9-hodin-vecer-az-do-7-hodiny-ranni\/#primaryimage\",\"inLanguage\":\"cs\",\"url\":\"https:\/\/www.collabim.cz\/akademie\/wp-content\/uploads\/michaela-vranova-s-lilkou-580x384.jpg\",\"contentUrl\":\"https:\/\/www.collabim.cz\/akademie\/wp-content\/uploads\/michaela-vranova-s-lilkou-580x384.jpg\"},{\"@type\":\"WebPage\",\"@id\":\"https:\/\/www.collabim.cz\/akademie\/michaela-vranova-matanelli-lilinka-mi-nechava-cas-na-praci-od-9-hodin-vecer-az-do-7-hodiny-ranni\/#webpage\",\"url\":\"https:\/\/www.collabim.cz\/akademie\/michaela-vranova-matanelli-lilinka-mi-nechava-cas-na-praci-od-9-hodin-vecer-az-do-7-hodiny-ranni\/\",\"name\":\"Michaela Vr\\u00e1nov\\u00e1 Matanelli: Lilinka mi nech\\u00e1v\\u00e1 \\u010das na pr\\u00e1ci od 9 hodin ve\\u010der a\\u017e do 7. hodiny rann\\u00ed \\u21d2 Collabim.cz \\u2714\\ufe0f\",\"isPartOf\":{\"@id\":\"https:\/\/www.collabim.cz\/akademie\/#website\"},\"primaryImageOfPage\":{\"@id\":\"https:\/\/www.collabim.cz\/akademie\/michaela-vranova-matanelli-lilinka-mi-nechava-cas-na-praci-od-9-hodin-vecer-az-do-7-hodiny-ranni\/#primaryimage\"},\"datePublished\":\"2015-05-21T06:23:03+00:00\",\"dateModified\":\"2023-11-30T11:51:26+00:00\",\"author\":{\"@id\":\"https:\/\/www.collabim.cz\/akademie\/#\/schema\/person\/b1c06a15a1d60fcd9a3324c398f29bb6\"},\"description\":\"Michaela Vr\\u00e1nov\\u00e1 Matanelli: Lilinka mi nech\\u00e1v\\u00e1 \\u010das na pr\\u00e1ci od 9 hodin ve\\u010der a\\u017e do 7. hodiny rann\\u00ed \\u21d2 v\\u0161e co pot\\u0159ebujete v\\u011bd\\u011bt \\u2714\\ufe0f SEO rady \\u2714\\ufe0f a SEO tipy. Kompletn\\u00ed n\\u00e1vody od nejpou\\u017e\\u00edvan\\u011bj\\u0161\\u00edho SEO n\\u00e1stroje v \\u010cR.\",\"breadcrumb\":{\"@id\":\"https:\/\/www.collabim.cz\/akademie\/michaela-vranova-matanelli-lilinka-mi-nechava-cas-na-praci-od-9-hodin-vecer-az-do-7-hodiny-ranni\/#breadcrumb\"},\"inLanguage\":\"cs\",\"potentialAction\":[{\"@type\":\"ReadAction\",\"target\":[\"https:\/\/www.collabim.cz\/akademie\/michaela-vranova-matanelli-lilinka-mi-nechava-cas-na-praci-od-9-hodin-vecer-az-do-7-hodiny-ranni\/\"]}]},{\"@type\":\"BreadcrumbList\",\"@id\":\"https:\/\/www.collabim.cz\/akademie\/michaela-vranova-matanelli-lilinka-mi-nechava-cas-na-praci-od-9-hodin-vecer-az-do-7-hodiny-ranni\/#breadcrumb\",\"itemListElement\":[{\"@type\":\"ListItem\",\"position\":1,\"name\":\"\\u00davod\",\"item\":\"https:\/\/www.collabim.cz\/akademie\/\"},{\"@type\":\"ListItem\",\"position\":2,\"name\":\"Michaela Vr\\u00e1nov\\u00e1 Matanelli: Lilinka mi nech\\u00e1v\\u00e1 \\u010das na pr\\u00e1ci od 9 hodin ve\\u010der a\\u017e do 7. hodiny rann\\u00ed\"}]},{\"@type\":\"Person\",\"@id\":\"https:\/\/www.collabim.cz\/akademie\/#\/schema\/person\/b1c06a15a1d60fcd9a3324c398f29bb6\",\"name\":\"Collabim\",\"image\":{\"@type\":\"ImageObject\",\"@id\":\"https:\/\/www.collabim.cz\/akademie\/#personlogo\",\"inLanguage\":\"cs\",\"url\":\"https:\/\/secure.gravatar.com\/avatar\/?s=96&d=mm&r=g\",\"contentUrl\":\"https:\/\/secure.gravatar.com\/avatar\/?s=96&d=mm&r=g\",\"caption\":\"Collabim\"},\"url\":\"https:\/\/www.collabim.cz\/akademie\/author\/collabim\/\"}]}<\/script>\n<!-- \/ Yoast SEO plugin. -->","_links":{"self":[{"href":"https:\/\/www.collabim.cz\/akademie\/wp-json\/wp\/v2\/posts\/1463"}],"collection":[{"href":"https:\/\/www.collabim.cz\/akademie\/wp-json\/wp\/v2\/posts"}],"about":[{"href":"https:\/\/www.collabim.cz\/akademie\/wp-json\/wp\/v2\/types\/post"}],"author":[{"embeddable":true,"href":"https:\/\/www.collabim.cz\/akademie\/wp-json\/wp\/v2\/users\/7"}],"replies":[{"embeddable":true,"href":"https:\/\/www.collabim.cz\/akademie\/wp-json\/wp\/v2\/comments?post=1463"}],"version-history":[{"count":1,"href":"https:\/\/www.collabim.cz\/akademie\/wp-json\/wp\/v2\/posts\/1463\/revisions"}],"predecessor-version":[{"id":10835,"href":"https:\/\/www.collabim.cz\/akademie\/wp-json\/wp\/v2\/posts\/1463\/revisions\/10835"}],"wp:attachment":[{"href":"https:\/\/www.collabim.cz\/akademie\/wp-json\/wp\/v2\/media?parent=1463"}],"wp:term":[{"taxonomy":"category","embeddable":true,"href":"https:\/\/www.collabim.cz\/akademie\/wp-json\/wp\/v2\/categories?post=1463"},{"taxonomy":"post_tag","embeddable":true,"href":"https:\/\/www.collabim.cz\/akademie\/wp-json\/wp\/v2\/tags?post=1463"}],"curies":[{"name":"wp","href":"https:\/\/api.w.org\/{rel}","templated":true}]}}