{"id":1426,"date":"2015-04-27T07:58:29","date_gmt":"2015-04-27T06:58:29","guid":{"rendered":"https:\/\/ja.collabim.com\/?p=1426"},"modified":"2019-07-12T11:51:25","modified_gmt":"2019-07-12T09:51:25","slug":"soutez-o-tarify-pro-ucastniky-data-restart-2015","status":"publish","type":"post","link":"https:\/\/www.collabim.cz\/akademie\/soutez-o-tarify-pro-ucastniky-data-restart-2015\/","title":{"rendered":"Sout\u011b\u017e o tarify pro \u00fa\u010dastn\u00edky DATA RESTART 2015"},"content":{"rendered":"<p style=\"text-align: justify;\">Dnes se v Praze kon\u00e1 konference <a href=\"http:\/\/www.datarestart.cz\/\">DATA RESTART 2015<\/a>, kterou po\u0159\u00e1d\u00e1 <a href=\"http:\/\/www.medio.cz\/\">Medio Interactive, s.r.o.<\/a>. Spole\u010dn\u011b s po\u0159adatelem jsme p\u0159ipravili <strong>sout\u011b\u017e pro n\u00e1v\u0161t\u011bvn\u00edky konference o tarify Collabimu<\/strong>.\u00a0Sout\u011b\u017e je pro v\u0161echny. Je jedno jestli u\u017e u n\u00e1s \u00fa\u010det m\u00e1te nebo nem\u00e1te. A co m\u016f\u017eete vyhr\u00e1t?<\/p>\n<ul style=\"text-align: justify;\">\n<li>1x 3 m\u011bs\u00edce zdarma na tarif Basic,<\/li>\n<li>1x 2 m\u011bs\u00edce zdarma (Basic),<\/li>\n<li>1x 1 m\u011bs\u00edc zdarma (Basic).<\/li>\n<\/ul>\n<p style=\"text-align: justify;\">Pokud m\u00e1te u n\u00e1s vy\u0161\u0161\u00ed tarif, dostanete slevu, kter\u00e1 bude ve stejn\u00e9 hodnot\u011b jako <a href=\"https:\/\/www.collabim.cz\/tarify\">tarif Basic<\/a>.<\/p>\n<p style=\"text-align: justify;\">A sout\u011b\u017en\u00ed ot\u00e1zka?<\/p>\n<p style=\"text-align: justify;\"><strong>Jak\u00fd je pr\u016fm\u011brn\u00fd po\u010det str\u00e1nek za n\u00e1v\u0161t\u011bvu nap\u0159\u00ed\u010d v\u0161emi projekty v Collabimu?<\/strong><\/p>\n<p style=\"text-align: justify;\">Odpov\u00eddejte dnes cel\u00fd den tady v koment\u00e1\u0159\u00edch, na <a href=\"https:\/\/twitter.com\/collabim_cz\/status\/592583912876068864\">Twitteru<\/a> nebo na <a href=\"https:\/\/www.facebook.com\/collabim\/photos\/a.382052640858.159250.361034080858\/10153268964335859\/?type=1&amp;theater\">Facebooku<\/a>. Z\u00edtra sout\u011b\u017e vyhodnot\u00edme a ozn\u00e1m\u00edme v\u0161echny v\u00fdherce.<\/p>\n<p style=\"text-align: justify;\">A\u0165 se v\u00e1m konference l\u00edb\u00ed.<\/p>\n<p style=\"text-align: justify;\"><strong>EDIT 29. 4. 2015: Spr\u00e1vn\u00e1 odpov\u011b\u010f je 1,19. V pond\u011bl\u00ed odpov\u011bd\u011bl na sout\u011b\u017en\u00ed ot\u00e1zku jeden sout\u011b\u017e\u00edc\u00ed, pan Ond\u0159ej Salamon, kter\u00fd vyhr\u00e1v\u00e1 3 m\u011bs\u00edce tarifu Basic v Collabimu zdarma.<\/strong><\/p>\n","protected":false},"excerpt":{"rendered":"<p>Dnes se v Praze kon\u00e1 konference DATA RESTART 2015, kterou po\u0159\u00e1d\u00e1 Medio Interactive, s.r.o.. Spole\u010dn\u011b s po\u0159adatelem jsme p\u0159ipravili sout\u011b\u017e pro n\u00e1v\u0161t\u011bvn\u00edky konference o tarify Collabimu.\u00a0Sout\u011b\u017e je pro v\u0161echny. Je jedno jestli u\u017e u n\u00e1s \u00fa\u010det m\u00e1te nebo nem\u00e1te. A co m\u016f\u017eete vyhr\u00e1t? 1x 3 m\u011bs\u00edce zdarma na tarif Basic, 1x 2 m\u011bs\u00edce zdarma (Basic),&#8230; <a class=\"understrap-read-more-link\" href=\"https:\/\/www.collabim.cz\/akademie\/soutez-o-tarify-pro-ucastniky-data-restart-2015\/\">Detail&nbsp;\u010dl\u00e1nku&nbsp;&#187;<\/a><\/p>\n","protected":false},"author":7,"featured_media":0,"comment_status":"closed","ping_status":"closed","sticky":false,"template":"","format":"standard","meta":[],"categories":[160],"tags":[255],"acf":[],"yoast_head":"<!-- This site is optimized with the Yoast SEO plugin v16.5 - https:\/\/yoast.com\/wordpress\/plugins\/seo\/ -->\n<title>Sout\u011b\u017e o tarify pro \u00fa\u010dastn\u00edky DATA RESTART 2015 \u21d2 Collabim.cz \u2714\ufe0f<\/title>\n<meta name=\"description\" content=\"Sout\u011b\u017e o tarify pro \u00fa\u010dastn\u00edky DATA RESTART 2015 \u21d2 v\u0161e co pot\u0159ebujete v\u011bd\u011bt \u2714\ufe0f SEO rady \u2714\ufe0f a SEO tipy. Kompletn\u00ed n\u00e1vody od nejpou\u017e\u00edvan\u011bj\u0161\u00edho SEO n\u00e1stroje v \u010cR.\" \/>\n<meta name=\"robots\" content=\"index, follow, max-snippet:-1, max-image-preview:large, max-video-preview:-1\" \/>\n<link rel=\"canonical\" href=\"https:\/\/www.collabim.cz\/akademie\/soutez-o-tarify-pro-ucastniky-data-restart-2015\/\" \/>\n<meta property=\"og:locale\" content=\"cs_CZ\" \/>\n<meta property=\"og:type\" content=\"article\" \/>\n<meta property=\"og:title\" content=\"Sout\u011b\u017e o tarify pro \u00fa\u010dastn\u00edky DATA RESTART 2015 \u21d2 Collabim.cz \u2714\ufe0f\" \/>\n<meta property=\"og:description\" content=\"Sout\u011b\u017e o tarify pro \u00fa\u010dastn\u00edky DATA RESTART 2015 \u21d2 v\u0161e co pot\u0159ebujete v\u011bd\u011bt \u2714\ufe0f SEO rady \u2714\ufe0f a SEO tipy. Kompletn\u00ed n\u00e1vody od nejpou\u017e\u00edvan\u011bj\u0161\u00edho SEO n\u00e1stroje v \u010cR.\" \/>\n<meta property=\"og:url\" content=\"https:\/\/www.collabim.cz\/akademie\/soutez-o-tarify-pro-ucastniky-data-restart-2015\/\" \/>\n<meta property=\"og:site_name\" content=\"SEO Akademie Collabim\" \/>\n<meta property=\"article:published_time\" content=\"2015-04-27T06:58:29+00:00\" \/>\n<meta property=\"article:modified_time\" content=\"2019-07-12T09:51:25+00:00\" \/>\n<meta property=\"og:image\" content=\"https:\/\/www.collabim.cz\/akademie\/wp-content\/uploads\/2018\/10\/social-image.png\" \/>\n\t<meta property=\"og:image:width\" content=\"800\" \/>\n\t<meta property=\"og:image:height\" content=\"450\" \/>\n<meta name=\"twitter:card\" content=\"summary_large_image\" \/>\n<meta name=\"twitter:label1\" content=\"Odhadovan\u00e1 doba \u010dten\u00ed\" \/>\n\t<meta name=\"twitter:data1\" content=\"1 minuta\" \/>\n<script type=\"application\/ld+json\" class=\"yoast-schema-graph\">{\"@context\":\"https:\/\/schema.org\",\"@graph\":[{\"@type\":\"WebSite\",\"@id\":\"https:\/\/www.collabim.cz\/akademie\/#website\",\"url\":\"https:\/\/www.collabim.cz\/akademie\/\",\"name\":\"SEO Akademie Collabim\",\"description\":\"V\\u0161e, co jste cht\\u011bli o SEO v\\u011bd\\u011bt\",\"potentialAction\":[{\"@type\":\"SearchAction\",\"target\":\"https:\/\/www.collabim.cz\/akademie\/?s={search_term_string}\",\"query-input\":\"required name=search_term_string\"}],\"inLanguage\":\"cs\"},{\"@type\":\"WebPage\",\"@id\":\"https:\/\/www.collabim.cz\/akademie\/soutez-o-tarify-pro-ucastniky-data-restart-2015\/#webpage\",\"url\":\"https:\/\/www.collabim.cz\/akademie\/soutez-o-tarify-pro-ucastniky-data-restart-2015\/\",\"name\":\"Sout\\u011b\\u017e o tarify pro \\u00fa\\u010dastn\\u00edky DATA RESTART 2015 \\u21d2 Collabim.cz \\u2714\\ufe0f\",\"isPartOf\":{\"@id\":\"https:\/\/www.collabim.cz\/akademie\/#website\"},\"datePublished\":\"2015-04-27T06:58:29+00:00\",\"dateModified\":\"2019-07-12T09:51:25+00:00\",\"author\":{\"@id\":\"https:\/\/www.collabim.cz\/akademie\/#\/schema\/person\/b1c06a15a1d60fcd9a3324c398f29bb6\"},\"description\":\"Sout\\u011b\\u017e o tarify pro \\u00fa\\u010dastn\\u00edky DATA RESTART 2015 \\u21d2 v\\u0161e co pot\\u0159ebujete v\\u011bd\\u011bt \\u2714\\ufe0f SEO rady \\u2714\\ufe0f a SEO tipy. Kompletn\\u00ed n\\u00e1vody od nejpou\\u017e\\u00edvan\\u011bj\\u0161\\u00edho SEO n\\u00e1stroje v \\u010cR.\",\"breadcrumb\":{\"@id\":\"https:\/\/www.collabim.cz\/akademie\/soutez-o-tarify-pro-ucastniky-data-restart-2015\/#breadcrumb\"},\"inLanguage\":\"cs\",\"potentialAction\":[{\"@type\":\"ReadAction\",\"target\":[\"https:\/\/www.collabim.cz\/akademie\/soutez-o-tarify-pro-ucastniky-data-restart-2015\/\"]}]},{\"@type\":\"BreadcrumbList\",\"@id\":\"https:\/\/www.collabim.cz\/akademie\/soutez-o-tarify-pro-ucastniky-data-restart-2015\/#breadcrumb\",\"itemListElement\":[{\"@type\":\"ListItem\",\"position\":1,\"name\":\"\\u00davod\",\"item\":\"https:\/\/www.collabim.cz\/akademie\/\"},{\"@type\":\"ListItem\",\"position\":2,\"name\":\"Sout\\u011b\\u017e o tarify pro \\u00fa\\u010dastn\\u00edky DATA RESTART 2015\"}]},{\"@type\":\"Person\",\"@id\":\"https:\/\/www.collabim.cz\/akademie\/#\/schema\/person\/b1c06a15a1d60fcd9a3324c398f29bb6\",\"name\":\"Collabim\",\"image\":{\"@type\":\"ImageObject\",\"@id\":\"https:\/\/www.collabim.cz\/akademie\/#personlogo\",\"inLanguage\":\"cs\",\"url\":\"https:\/\/secure.gravatar.com\/avatar\/?s=96&d=mm&r=g\",\"contentUrl\":\"https:\/\/secure.gravatar.com\/avatar\/?s=96&d=mm&r=g\",\"caption\":\"Collabim\"},\"url\":\"https:\/\/www.collabim.cz\/akademie\/author\/collabim\/\"}]}<\/script>\n<!-- \/ Yoast SEO plugin. -->","_links":{"self":[{"href":"https:\/\/www.collabim.cz\/akademie\/wp-json\/wp\/v2\/posts\/1426"}],"collection":[{"href":"https:\/\/www.collabim.cz\/akademie\/wp-json\/wp\/v2\/posts"}],"about":[{"href":"https:\/\/www.collabim.cz\/akademie\/wp-json\/wp\/v2\/types\/post"}],"author":[{"embeddable":true,"href":"https:\/\/www.collabim.cz\/akademie\/wp-json\/wp\/v2\/users\/7"}],"replies":[{"embeddable":true,"href":"https:\/\/www.collabim.cz\/akademie\/wp-json\/wp\/v2\/comments?post=1426"}],"version-history":[{"count":0,"href":"https:\/\/www.collabim.cz\/akademie\/wp-json\/wp\/v2\/posts\/1426\/revisions"}],"wp:attachment":[{"href":"https:\/\/www.collabim.cz\/akademie\/wp-json\/wp\/v2\/media?parent=1426"}],"wp:term":[{"taxonomy":"category","embeddable":true,"href":"https:\/\/www.collabim.cz\/akademie\/wp-json\/wp\/v2\/categories?post=1426"},{"taxonomy":"post_tag","embeddable":true,"href":"https:\/\/www.collabim.cz\/akademie\/wp-json\/wp\/v2\/tags?post=1426"}],"curies":[{"name":"wp","href":"https:\/\/api.w.org\/{rel}","templated":true}]}}